{"id":10740,"date":"2019-05-10T21:30:53","date_gmt":"2019-05-10T19:30:53","guid":{"rendered":"https:\/\/tsvschott.de\/fussball\/?p=10740"},"modified":"2019-05-10T21:30:53","modified_gmt":"2019-05-10T19:30:53","slug":"jetzt-zaehlt-nur-noch-der-pokal","status":"publish","type":"post","link":"https:\/\/tsvschott.de\/fussball\/allgemein\/jetzt-zaehlt-nur-noch-der-pokal\/","title":{"rendered":"Jetzt z\u00e4hlt nur noch der Pokal"},"content":{"rendered":"<p>Immerhin: Im Sturm musste Torh\u00fcterin Vanessa Berlin diesmal nicht ran. Dennoch waren die Personalsorgen gro\u00df bei den Regionalliga-Fu\u00dfballerinnen des TSV SCHOTT Mainz, die 0:5 beim 1. FFC Niederkirchen unterlagen. \u201eWir konzentrieren uns jetzt auf den Verbandspokal, um wieder in den DFB-Pokal einzuziehen\u201c, sagte TSV-Trainer Marcello Muzio.<\/p>\n<p>TSV SCHOTT Mainz: Berlin \u2013 L\u00f6ber, Frase (46. Bast), Meierfrankenfeld, Uzung\u00fcney \u2013 Scherzberg, Schmitt (46. Spuzic), G\u00fcrtler, Bornschein \u2013 Gajdera, Kieper.<\/p>\n<p style=\"text-align: right\"><em>Quelle: FuPa.net<\/em><\/p>\n","protected":false},"excerpt":{"rendered":"<p>Immerhin: Im Sturm musste Torh\u00fcterin Vanessa Berlin diesmal nicht ran. Dennoch waren die Personalsorgen gro\u00df bei den Regionalliga-Fu\u00dfballerinnen des TSV SCHOTT Mainz, die 0:5 beim 1. FFC Niederkirchen unterlagen. \u201eWir konzentrieren uns jetzt auf den Verbandspokal, um wieder in den DFB-Pokal einzuziehen\u201c, sagte TSV-Trainer Marcello Muzio. TSV SCHOTT Mainz: Berlin \u2013 L\u00f6ber, Frase (46. Bast), [&hellip;]<\/p>\n","protected":false},"author":9,"featured_media":9584,"comment_status":"closed","ping_status":"closed","sticky":false,"template":"","format":"standard","meta":{"footnotes":""},"categories":[8,1,7],"tags":[],"class_list":["post-10740","post","type-post","status-publish","format-standard","has-post-thumbnail","hentry","category-1-frauenmannschaft-berichte","category-allgemein","category-frauen"],"_links":{"self":[{"href":"https:\/\/tsvschott.de\/fussball\/wp-json\/wp\/v2\/posts\/10740","targetHints":{"allow":["GET"]}}],"collection":[{"href":"https:\/\/tsvschott.de\/fussball\/wp-json\/wp\/v2\/posts"}],"about":[{"href":"https:\/\/tsvschott.de\/fussball\/wp-json\/wp\/v2\/types\/post"}],"author":[{"embeddable":true,"href":"https:\/\/tsvschott.de\/fussball\/wp-json\/wp\/v2\/users\/9"}],"replies":[{"embeddable":true,"href":"https:\/\/tsvschott.de\/fussball\/wp-json\/wp\/v2\/comments?post=10740"}],"version-history":[{"count":1,"href":"https:\/\/tsvschott.de\/fussball\/wp-json\/wp\/v2\/posts\/10740\/revisions"}],"predecessor-version":[{"id":10741,"href":"https:\/\/tsvschott.de\/fussball\/wp-json\/wp\/v2\/posts\/10740\/revisions\/10741"}],"wp:featuredmedia":[{"embeddable":true,"href":"https:\/\/tsvschott.de\/fussball\/wp-json\/wp\/v2\/media\/9584"}],"wp:attachment":[{"href":"https:\/\/tsvschott.de\/fussball\/wp-json\/wp\/v2\/media?parent=10740"}],"wp:term":[{"taxonomy":"category","embeddable":true,"href":"https:\/\/tsvschott.de\/fussball\/wp-json\/wp\/v2\/categories?post=10740"},{"taxonomy":"post_tag","embeddable":true,"href":"https:\/\/tsvschott.de\/fussball\/wp-json\/wp\/v2\/tags?post=10740"}],"curies":[{"name":"wp","href":"https:\/\/api.w.org\/{rel}","templated":true}]}}