{"id":11031,"date":"2019-08-09T17:22:21","date_gmt":"2019-08-09T15:22:21","guid":{"rendered":"https:\/\/tsvschott.test\/fussball\/?p=10909"},"modified":"2019-08-09T17:22:21","modified_gmt":"2019-08-09T15:22:21","slug":"fck-ii-talentschmiede-fuer-die-betze-profis","status":"publish","type":"post","link":"https:\/\/tsvschott.de\/fussball\/allgemein\/fck-ii-talentschmiede-fuer-die-betze-profis\/","title":{"rendered":"FCK II: Talentschmiede f\u00fcr die Betze-Profis"},"content":{"rendered":"<p>Wir begr\u00fc\u00dfen zum zweiten Oberliga- Heimspiel die \u201ekleinen Roten Teufel&#8220;, den 1. FC Kaiserslautern II in Mainz. Seit 2016 wird die Mannschaft von Ex-Profi Hans Werner Moser betreut. In der vergangenen Runde erreichte die U23 des FCK in der Oberliga den neunten Rang.<\/p>\n<p>Auch in der bevorstehenden Saison hei\u00dft es f\u00fcr die Lauterer: jung, j\u00fcnger, FCK \u2013 mit dem vorgegebenen Konzept, der Finanzlage geschuldet, identifiziert sich Moser, der sich weiter auf Co-Trainer Andreas Clau\u00df und Torwarttrainer Sven H\u00f6h st\u00fctzt, voll und ganz. Neuer Fitness-Coach ist Wenzel B\u00f6hm.<\/p>\n<p>Talentschmied Moser identifiziert sich mit seiner Aufgabe und Rolle als Zulieferer f\u00fcr die Profis der Lauterer. Vor Jahresfrist schafften Lukas Gottwalt, Carlo Sickinger, Toni Jonjic und Christian K\u00fchlwetter, die noch im August 2018 in der Oberliga kickten, den Sprung zu den Profis. \u201eDas wird nicht jedes Jahr so gelingen\u201c, mahnt Moser allerdings vor \u00fcberzogenen Erwartungen an die Jungen. Ziel ist, m\u00f6glichst viele Talente f\u00fcr die Profis zu entwickeln und den Spielern die M\u00f6glichkeit zu geben, sich durch regelm\u00e4\u00dfige Spielzeiten an den Aktiven-Fu\u00dfball zu gew\u00f6hnen.<br \/>\nDer 1. FC Kaiserslautern II wurde bereits 1957 gegr\u00fcndet und geh\u00f6rte bis 1994 immer der h\u00f6chstm\u00f6glichen Amateurspielklasse an, in der man antreten durfte.<\/p>\n<p>Von 1957 bis 1978 spielte die Mannschaft in der 1. Amateurliga S\u00fcdwest, danach bis 1994 in der neu gegr\u00fcndeten Oberliga S\u00fcdwest. Ab 1994 pendelten die Amateure des FCK zwischen der neu ins Leben gerufenen Regionalliga und der Oberliga Rheinland-Pfalz\/Saar. Dabei holten sie drei Mal den Titel in der Oberliga, zwei Mal sprang nach dem Abstieg aus der Regionalliga Platz zwei heraus, was jeweils die direkte R\u00fcckkehr in die Regionalliga bedeutete.<\/p>\n","protected":false},"excerpt":{"rendered":"<p>Wir begr\u00fc\u00dfen zum zweiten Oberliga- Heimspiel die \u201ekleinen Roten Teufel&#8220;, den 1. FC Kaiserslautern II in Mainz. Seit 2016 wird die Mannschaft von Ex-Profi Hans Werner Moser betreut. In der vergangenen Runde erreichte die U23 des FCK in der Oberliga den neunten Rang. Auch in der bevorstehenden Saison hei\u00dft es f\u00fcr die Lauterer: jung, j\u00fcnger, [&hellip;]<\/p>\n","protected":false},"author":9,"featured_media":9600,"comment_status":"closed","ping_status":"closed","sticky":false,"template":"","format":"standard","meta":{"footnotes":""},"categories":[5,1,4],"tags":[],"class_list":["post-11031","post","type-post","status-publish","format-standard","has-post-thumbnail","hentry","category-1-herrenmannschaft-berichte","category-allgemein","category-herren-berichte"],"_links":{"self":[{"href":"https:\/\/tsvschott.de\/fussball\/wp-json\/wp\/v2\/posts\/11031","targetHints":{"allow":["GET"]}}],"collection":[{"href":"https:\/\/tsvschott.de\/fussball\/wp-json\/wp\/v2\/posts"}],"about":[{"href":"https:\/\/tsvschott.de\/fussball\/wp-json\/wp\/v2\/types\/post"}],"author":[{"embeddable":true,"href":"https:\/\/tsvschott.de\/fussball\/wp-json\/wp\/v2\/users\/9"}],"replies":[{"embeddable":true,"href":"https:\/\/tsvschott.de\/fussball\/wp-json\/wp\/v2\/comments?post=11031"}],"version-history":[{"count":0,"href":"https:\/\/tsvschott.de\/fussball\/wp-json\/wp\/v2\/posts\/11031\/revisions"}],"wp:featuredmedia":[{"embeddable":true,"href":"https:\/\/tsvschott.de\/fussball\/wp-json\/wp\/v2\/media\/9600"}],"wp:attachment":[{"href":"https:\/\/tsvschott.de\/fussball\/wp-json\/wp\/v2\/media?parent=11031"}],"wp:term":[{"taxonomy":"category","embeddable":true,"href":"https:\/\/tsvschott.de\/fussball\/wp-json\/wp\/v2\/categories?post=11031"},{"taxonomy":"post_tag","embeddable":true,"href":"https:\/\/tsvschott.de\/fussball\/wp-json\/wp\/v2\/tags?post=11031"}],"curies":[{"name":"wp","href":"https:\/\/api.w.org\/{rel}","templated":true}]}}