{"id":11033,"date":"2019-08-14T19:29:35","date_gmt":"2019-08-14T17:29:35","guid":{"rendered":"https:\/\/tsvschott.test\/fussball\/?p=10917"},"modified":"2019-08-14T19:29:35","modified_gmt":"2019-08-14T17:29:35","slug":"de-sousa-setzt-auf-den-meeth-faktor","status":"publish","type":"post","link":"https:\/\/tsvschott.de\/fussball\/allgemein\/de-sousa-setzt-auf-den-meeth-faktor\/","title":{"rendered":"De Sousa setzt auf den Meeth-Faktor"},"content":{"rendered":"<h6>23-J\u00e4hriger erhofft sich beim TSV SCHOTT den n\u00e4chsten Karriere-Schritt<\/h6>\n<p>Wer wei\u00df, wie die Saison des TSV SCHOTT Mainz vorige Saison geendet w\u00e4re, w\u00e4re nicht das Gastspiel bei Hassia Bingen 1:2 verloren gegangen \u2013 drei verschenkte Punkte, die richtig weh taten. Damals blieben die spielerischen Ambitionen des Fu\u00dfball-Oberligisten im gef\u00fchlt meterhohen Gras am Hessenhaus h\u00e4ngen, stattdessen gab es eine Lehrstunde in Sachen Wehrhaftigkeit. Blickt man auf das j\u00fcngste 3:2 gegen die U 21 aus Kaiserslautern, haben die Mainzer gelernt. Dennis De Sousa Oelsner war im November 2018 gerade eine Minute auf dem Feld, als Enes Sovtis das sp\u00e4te Binger Siegtor gelang. An diesem Dienstag um 19 Uhr hofft der 23-J\u00e4hrige auf mehr Spielminuten \u2013 diesmal aber im Dress der G\u00e4ste.<\/p>\n<h6>Schwarz, Just und G\u00fccl\u00fc dienen als Vorbilder<\/h6>\n<p>Erst einen Monat ist es her, dass De Sousa beim TSV einen Einjahresvertrag unterschrieben hat. Die Mainzer reagierten auf Edis Sinanovics Abgang zu Eintracht Trier. Der Deutsch-Brasilianer De Sousa hatte auch bei Regionalligisten vorgespielt und stand mit Hessen Dreieich in konkreteren Verhandlungen. Doch mit Freunden und Berater war er sich einig: \u201eIch wollte zu Sascha Meeth, einem Trainer mit extrem viel Wissen.\u201c Dass auch Silas Schwarz, Jan Just (Waldhof Mannheim) oder Arif G\u00fccl\u00fc (FSV Frankfurt) durch den SCHOTT-Chefcoach ihren n\u00e4chsten Karriereschritt geschafft haben, macht den TSV attraktiv.<\/p>\n<p>Profi-Tr\u00e4umen h\u00e4ngt De Sousa nicht nach. Vom Fu\u00dfball leben? \u201eDas ist nur indirekt mein Ziel\u201c, sagt er, \u201eich will das Maximum meiner Leistung erreichen.\u201c Wo auch immer das liegen mag. Der Fl\u00fcgelst\u00fcrmer wei\u00df, wo er herkommt. Als 18-J\u00e4hriger absolvierte er in der A-Klasse f\u00fcr Fontana Finthen II sein erstes Aktiven-Spiel. Beim SVW Mainz (36 Landesligaspiele, 22 Tore) sorgte er f\u00fcr Aufsehen, verlor aber durch mehrere Verletzungen \u00fcber ein Jahr. In den vorigen beiden Spielzeiten in Gonsenheim und Bingen stehen jeweils 33 Eins\u00e4tze zu Buche \u2013 bei der Hassia aber mit doppelt so vielen Minuten und elf (statt vorher drei) Treffern. Den Sprung zum etablierten Oberligaspieler hat er geschafft.<\/p>\n<p>\u201eEr hat unsere Spielweise in Windeseile aufgenommen\u201c, lobt Meeth den sp\u00e4t Verpflichteten, der mit neun Toren beim Turnier in Waldalgesheim einen Traum-Einstand hinlegte und auch bei den Liga-Siegen in Karbach (3:0) und gegen den FCK II traf. Hohes Tempo, Konsequenz vor dem Tor, Variabilit\u00e4t in der Spielanlage, Wissbegierde \u2013 Meeth hat viel Positives \u00fcber den \u201etypischen Stra\u00dfenfu\u00dfballer\u201c zu berichten, w\u00fcrde sich aber \u00fcber konsequentere Arbeit gegen den Ball und einen dosierteren Einsatz von Dribblings nicht beklagen. De Sousa wei\u00df das. Neben dem Platz arbeitet der 1,72-Meter-Mann an seiner Athletik, am K\u00f6rperlichen. Und, mit einer Ausbildung, am beruflichen Standbein.<\/p>\n<h6>Die L\u00f6cher im Binger Rasen kennt er genau<\/h6>\n<p>Im SCHOTT-Team, wo er mit Johannes Gansmann, Jost Mairose und Lars Hermann alte Gonsenheimer Weggef\u00e4hrten wiedertraf, f\u00fchlte sich De Sousa schnell integriert. Auf die R\u00fcckkehr nach Bingen freut er sich dennoch. \u201eDas sind super Jungs\u201c, sagt er \u00fcber sein Ex-Team, das zwar viel h\u00f6herklassige Erfahrung zusammenbringe, aber auch eine gro\u00dfe Geschlossenheit. Und der nicht bei allen Gegnern beliebte Rasen? \u201eIch kenne die ganzen L\u00f6cher und wei\u00df, wo man ganz gut lang laufen kann\u201c, flachst De Sousa.<\/p>\n<p style=\"text-align: right\"><em>Quelle: FuPa.net<\/em><\/p>\n","protected":false},"excerpt":{"rendered":"<p>23-J\u00e4hriger erhofft sich beim TSV SCHOTT den n\u00e4chsten Karriere-Schritt Wer wei\u00df, wie die Saison des TSV SCHOTT Mainz vorige Saison geendet w\u00e4re, w\u00e4re nicht das Gastspiel bei Hassia Bingen 1:2 verloren gegangen \u2013 drei verschenkte Punkte, die richtig weh taten. Damals blieben die spielerischen Ambitionen des Fu\u00dfball-Oberligisten im gef\u00fchlt meterhohen Gras am Hessenhaus h\u00e4ngen, stattdessen [&hellip;]<\/p>\n","protected":false},"author":9,"featured_media":9600,"comment_status":"closed","ping_status":"closed","sticky":false,"template":"","format":"standard","meta":{"footnotes":""},"categories":[5,1,4],"tags":[],"class_list":["post-11033","post","type-post","status-publish","format-standard","has-post-thumbnail","hentry","category-1-herrenmannschaft-berichte","category-allgemein","category-herren-berichte"],"_links":{"self":[{"href":"https:\/\/tsvschott.de\/fussball\/wp-json\/wp\/v2\/posts\/11033","targetHints":{"allow":["GET"]}}],"collection":[{"href":"https:\/\/tsvschott.de\/fussball\/wp-json\/wp\/v2\/posts"}],"about":[{"href":"https:\/\/tsvschott.de\/fussball\/wp-json\/wp\/v2\/types\/post"}],"author":[{"embeddable":true,"href":"https:\/\/tsvschott.de\/fussball\/wp-json\/wp\/v2\/users\/9"}],"replies":[{"embeddable":true,"href":"https:\/\/tsvschott.de\/fussball\/wp-json\/wp\/v2\/comments?post=11033"}],"version-history":[{"count":0,"href":"https:\/\/tsvschott.de\/fussball\/wp-json\/wp\/v2\/posts\/11033\/revisions"}],"wp:featuredmedia":[{"embeddable":true,"href":"https:\/\/tsvschott.de\/fussball\/wp-json\/wp\/v2\/media\/9600"}],"wp:attachment":[{"href":"https:\/\/tsvschott.de\/fussball\/wp-json\/wp\/v2\/media?parent=11033"}],"wp:term":[{"taxonomy":"category","embeddable":true,"href":"https:\/\/tsvschott.de\/fussball\/wp-json\/wp\/v2\/categories?post=11033"},{"taxonomy":"post_tag","embeddable":true,"href":"https:\/\/tsvschott.de\/fussball\/wp-json\/wp\/v2\/tags?post=11033"}],"curies":[{"name":"wp","href":"https:\/\/api.w.org\/{rel}","templated":true}]}}