{"id":11038,"date":"2019-08-15T17:47:41","date_gmt":"2019-08-15T15:47:41","guid":{"rendered":"https:\/\/tsvschott.test\/fussball\/?p=10928"},"modified":"2019-08-15T17:47:41","modified_gmt":"2019-08-15T15:47:41","slug":"kleine-wundertuete-legt-los","status":"publish","type":"post","link":"https:\/\/tsvschott.de\/fussball\/allgemein\/kleine-wundertuete-legt-los\/","title":{"rendered":"Kleine Wundert\u00fcte legt los"},"content":{"rendered":"<h6>F\u00fcr die Regionalliga-Fu\u00dfballerinnen des TSV SCHOTT geht es zum Saisonauftakt zum TuS Issel<\/h6>\n<p>Einmal quer durch Rheinhessen und den Hunsr\u00fcck geht es am Sonntag f\u00fcr die Fu\u00dfballfrauen des TSV SCHOTT. Beim TuS Issel, nur wenige Kilometer von Trier entfernt gelegen, steht f\u00fcr das Team von Trainer Marcello Muzio das erste Regionalliga-Match der Spielzeit 2019\/2020 auf dem Programm.<\/p>\n<h6>Junges Team mit viel Potenzial<\/h6>\n<p>Anders als in den beiden Jahren zuvor, als stets der Aufstieg als Saisonziel ausgegeben wurde, backen die Schotterinnen in dieser Saison kleinere Br\u00f6tchen. \u201eWir wollen jede Spielerin weiterentwickeln und attraktiven Fu\u00dfball spielen\u201c, sagt Muzio und schiebt den Grund gleich hinterher. \u201eWir stecken mitten im Umbruch. Unser Team hat auf jeden Fall Potenzial, aber ist eben noch sehr jung. Da wird es Schwankungen geben.\u201c Muzio bezeichnet sein Kollektiv deshalb auch als \u201ekleine Wundert\u00fcte\u201c.<\/p>\n<p>Und die will trotz des verhaltenen formulierten Saisonziels ihres Trainers in Issel gleich drei Z\u00e4hler einfahren. \u201eDas ist auf jeden Fall unser Anspruch\u201c, sagt Muzio vor dem Duell mit den Hunsr\u00fcckern, die so etwas wie der Lieblingsgegner der SCHOTT-Fu\u00dfballerinnen sind. Von den sechs direkten Duellen entschieden die Mainzerinnen f\u00fcnf zu ihren Gunsten. Lediglich der letzte Vergleich am 18. November des vergangenen Jahres endete mit einem Unentschieden (0:0).<\/p>\n<p>Die Statistik spricht also f\u00fcr den TSV. Eine Tatsache, auf die Muzio aber nicht allzu viel gibt. \u201eDaf\u00fcr kann ich mir nix kaufen. Jedes Spiel muss erst gespielt werden\u201c, betont der 36-J\u00e4hrige. F\u00fcr ihn sei es wichtiger, \u201edass wir uns am Sonntag nur auf uns fokussieren und unser Ding durchziehen.\u201c Fehlen werden dabei Stefanie Klug, die mitten im Pr\u00fcfungsstress steckt, und Elise Klein Spindola, die im Urlaub weilt. Zwei Ausf\u00e4lle, die Muzios Team zwar wehtun, die ihm aber keine schlaflosen N\u00e4chte bereiten. Denn: \u201eAlle M\u00e4dels haben in der Vorbereitung einen sehr guten Eindruck hinterlassen und sind bereit f\u00fcr Sonntag.\u201c<\/p>\n<p style=\"text-align: right\"><em>Quelle: FuPa.net<\/em><\/p>\n","protected":false},"excerpt":{"rendered":"<p>F\u00fcr die Regionalliga-Fu\u00dfballerinnen des TSV SCHOTT geht es zum Saisonauftakt zum TuS Issel Einmal quer durch Rheinhessen und den Hunsr\u00fcck geht es am Sonntag f\u00fcr die Fu\u00dfballfrauen des TSV SCHOTT. Beim TuS Issel, nur wenige Kilometer von Trier entfernt gelegen, steht f\u00fcr das Team von Trainer Marcello Muzio das erste Regionalliga-Match der Spielzeit 2019\/2020 auf [&hellip;]<\/p>\n","protected":false},"author":9,"featured_media":9584,"comment_status":"closed","ping_status":"closed","sticky":false,"template":"","format":"standard","meta":{"footnotes":""},"categories":[8,1,7],"tags":[],"class_list":["post-11038","post","type-post","status-publish","format-standard","has-post-thumbnail","hentry","category-1-frauenmannschaft-berichte","category-allgemein","category-frauen"],"_links":{"self":[{"href":"https:\/\/tsvschott.de\/fussball\/wp-json\/wp\/v2\/posts\/11038","targetHints":{"allow":["GET"]}}],"collection":[{"href":"https:\/\/tsvschott.de\/fussball\/wp-json\/wp\/v2\/posts"}],"about":[{"href":"https:\/\/tsvschott.de\/fussball\/wp-json\/wp\/v2\/types\/post"}],"author":[{"embeddable":true,"href":"https:\/\/tsvschott.de\/fussball\/wp-json\/wp\/v2\/users\/9"}],"replies":[{"embeddable":true,"href":"https:\/\/tsvschott.de\/fussball\/wp-json\/wp\/v2\/comments?post=11038"}],"version-history":[{"count":0,"href":"https:\/\/tsvschott.de\/fussball\/wp-json\/wp\/v2\/posts\/11038\/revisions"}],"wp:featuredmedia":[{"embeddable":true,"href":"https:\/\/tsvschott.de\/fussball\/wp-json\/wp\/v2\/media\/9584"}],"wp:attachment":[{"href":"https:\/\/tsvschott.de\/fussball\/wp-json\/wp\/v2\/media?parent=11038"}],"wp:term":[{"taxonomy":"category","embeddable":true,"href":"https:\/\/tsvschott.de\/fussball\/wp-json\/wp\/v2\/categories?post=11038"},{"taxonomy":"post_tag","embeddable":true,"href":"https:\/\/tsvschott.de\/fussball\/wp-json\/wp\/v2\/tags?post=11038"}],"curies":[{"name":"wp","href":"https:\/\/api.w.org\/{rel}","templated":true}]}}