{"id":12187,"date":"2020-10-23T17:23:45","date_gmt":"2020-10-23T15:23:45","guid":{"rendered":"https:\/\/tsvschott.de\/fussball\/?p=12187"},"modified":"2020-10-23T17:23:45","modified_gmt":"2020-10-23T15:23:45","slug":"macht-einen-auch-ein-wenig-stolz","status":"publish","type":"post","link":"https:\/\/tsvschott.de\/fussball\/allgemein\/macht-einen-auch-ein-wenig-stolz\/","title":{"rendered":"\u201eMacht einen auch ein wenig stolz\u201c"},"content":{"rendered":"<h6>17-j\u00e4hrige Angreiferin trifft bei Startelf-Deb\u00fct dreifach in f\u00fcnf Minuten<\/h6>\n<p>Annabel Rink \u2013 ein Name, den man sich merken sollte. Das 17-j\u00e4hrige St\u00fcrmer-Talent vom TSV SCHOTT Mainz machte zuletzt in der Frauen-Regionalliga auf sich aufmerksam. Bei ihrem Deb\u00fct traf die junge Angreiferin gleich sechs Minuten nach ihrer Einwechslung. Bei ihrem Startelf-Deb\u00fct eine Woche sp\u00e4ter netzte sie gleich dreifach &#8211; in nur f\u00fcnf Minuten!<\/p>\n<p>Wir haben mit der Frau der Stunde \u00fcber diese Erfahrungen, ihre Entwicklung und ihre sportlichen Ziele gesprochen.<\/p>\n<p><strong>Annabel, Du kamst zu dieser Saison aus der Jugend und solltest eigentlich \u00fcber die zweite Mannschaft langsam herangef\u00fchrt werden. Wie kam es, dass Du jetzt doch schon in der Regionalliga kickst?<\/strong><\/p>\n<p>Annabel Rink: Ja, das ist richtig. Ich kam erstmal, zusammen mit ein paar anderen aus der Jugend, in die zweite Mannschaft. Dann gab es in der Ersten personelle Engp\u00e4sse und ich wurde gefragt, ob ich nicht mal oben mit trainieren m\u00f6chte. Da habe ich nat\u00fcrlich nicht nein gesagt und dann auch relativ schnell meine Chance bekommen.<\/p>\n<p><strong>Kam es f\u00fcr Dich \u00fcberraschend, dass Du dann auch so schnell eingesetzt wurdest?<\/strong><\/p>\n<p>Ja, auf jeden Fall. Damit habe ich \u00fcberhaupt nicht gerechnet. Ich dachte, ich schaue mir das mal in Ruhe an und dann sehen wir weiter. Als ich dann eingesetzt wurde, habe ich mich nat\u00fcrlich total gefreut!<\/p>\n<p><strong>Und dann so ein Deb\u00fct! Eingewechselt &#8211; und direkt nach sechs Minuten getroffen. Was war das f\u00fcr ein Gef\u00fchl?<\/strong><\/p>\n<p>Alleine die Einwechslung war schon gro\u00dfartig. Ich konnte es kaum glauben, dass ich jetzt mit dieser Mannschaft auf dem Platz stehen darf. Das war wundersch\u00f6n! Und dass ich dann auch noch getroffen habe, hat mich nat\u00fcrlich \u00fcberw\u00e4ltigt. Ich kam gerade aus der Jugend raus und dann diese schnelle Entwicklung &#8211; das ist schon was Besonderes f\u00fcr mich.<\/p>\n<p><strong>Und als Belohnung dann am vergangenen Spieltag der Startelf-Einsatz. Drei Tore in f\u00fcnf Minuten &#8211; Wahnsinn! Kannst Du das n\u00e4her beschreiben?<\/strong><\/p>\n<p>Es ist nat\u00fcrlich ein super Gef\u00fchl beim ersten Startelf-Einsatz direkt einen Hattrick zu erzielen. Das macht einen schon auch ein wenig stolz. Man muss aber nat\u00fcrlich dazu sagen, dass es einfach eine super Mannschaftsleistung war. Das waren tolle Spielz\u00fcge und ich habe gute Vorlagen bekommen. Sonst w\u00e4re das so auch nicht m\u00f6glich gewesen.<\/p>\n<p><strong>Bist Du jetzt, gerade nach diesen Leistungen, fest f\u00fcr die Erste eingeplant?<\/strong><\/p>\n<p>Ja, genau. Ich bleibe jetzt erstmal oben und trainiere auch nur noch mit den Regionalliga-M\u00e4dels.<\/p>\n<p><strong>Jetzt war der Saisonstart f\u00fcr Euch ja nicht unbedingt ideal. Was sind denn die sportlichen Ziele mit SCHOTT in dieser Saison?<\/strong><\/p>\n<p>Also, vor der Saison war das Ziel ganz klar der Aufstieg. Man muss jetzt nat\u00fcrlich realistisch sein, deshalb ist das erstmal vom Tisch. Wir m\u00fcssen wieder von Spiel zu Spiel schauen, uns weiterentwickeln und so viele Punkte wie m\u00f6glich sammeln. Aber ein konkretes Ziel gibt es momentan nicht mehr.<\/p>\n<p><strong>Du bist ja auch erst 17 Jahre jung. Was sind denn deine ganz pers\u00f6nlichen, langfristigen Ziele? Ist vielleicht sogar die Bundesliga ein Thema?<\/strong><\/p>\n<p>Also an erster Stelle steht jetzt SCHOTT. Ich will mich hier etablieren und vor allem weiterentwickeln. Nat\u00fcrlich tr\u00e4umt man immer vom ganz gro\u00dfen Wurf \u2013 also der Bundesliga. Und ausschlie\u00dfen m\u00f6chte ich das nicht. Es ist klar, dass ich das auch gerne erreichen m\u00f6chte. Aber daf\u00fcr m\u00fcssen erstmal meine Leistungen hier passen. Darauf liegt der Fokus.<\/p>\n<p style=\"text-align: right\"><em>Quelle: FuPa.net<\/em><\/p>\n","protected":false},"excerpt":{"rendered":"<p>17-j\u00e4hrige Angreiferin trifft bei Startelf-Deb\u00fct dreifach in f\u00fcnf Minuten Annabel Rink \u2013 ein Name, den man sich merken sollte. Das 17-j\u00e4hrige St\u00fcrmer-Talent vom TSV SCHOTT Mainz machte zuletzt in der Frauen-Regionalliga auf sich aufmerksam. Bei ihrem Deb\u00fct traf die junge Angreiferin gleich sechs Minuten nach ihrer Einwechslung. Bei ihrem Startelf-Deb\u00fct eine Woche sp\u00e4ter netzte sie [&hellip;]<\/p>\n","protected":false},"author":9,"featured_media":9584,"comment_status":"closed","ping_status":"closed","sticky":false,"template":"","format":"standard","meta":{"footnotes":""},"categories":[8,1,7],"tags":[],"class_list":["post-12187","post","type-post","status-publish","format-standard","has-post-thumbnail","hentry","category-1-frauenmannschaft-berichte","category-allgemein","category-frauen"],"_links":{"self":[{"href":"https:\/\/tsvschott.de\/fussball\/wp-json\/wp\/v2\/posts\/12187","targetHints":{"allow":["GET"]}}],"collection":[{"href":"https:\/\/tsvschott.de\/fussball\/wp-json\/wp\/v2\/posts"}],"about":[{"href":"https:\/\/tsvschott.de\/fussball\/wp-json\/wp\/v2\/types\/post"}],"author":[{"embeddable":true,"href":"https:\/\/tsvschott.de\/fussball\/wp-json\/wp\/v2\/users\/9"}],"replies":[{"embeddable":true,"href":"https:\/\/tsvschott.de\/fussball\/wp-json\/wp\/v2\/comments?post=12187"}],"version-history":[{"count":1,"href":"https:\/\/tsvschott.de\/fussball\/wp-json\/wp\/v2\/posts\/12187\/revisions"}],"predecessor-version":[{"id":12189,"href":"https:\/\/tsvschott.de\/fussball\/wp-json\/wp\/v2\/posts\/12187\/revisions\/12189"}],"wp:featuredmedia":[{"embeddable":true,"href":"https:\/\/tsvschott.de\/fussball\/wp-json\/wp\/v2\/media\/9584"}],"wp:attachment":[{"href":"https:\/\/tsvschott.de\/fussball\/wp-json\/wp\/v2\/media?parent=12187"}],"wp:term":[{"taxonomy":"category","embeddable":true,"href":"https:\/\/tsvschott.de\/fussball\/wp-json\/wp\/v2\/categories?post=12187"},{"taxonomy":"post_tag","embeddable":true,"href":"https:\/\/tsvschott.de\/fussball\/wp-json\/wp\/v2\/tags?post=12187"}],"curies":[{"name":"wp","href":"https:\/\/api.w.org\/{rel}","templated":true}]}}